{"id":1653,"date":"2025-03-06T16:46:38","date_gmt":"2025-03-06T15:46:38","guid":{"rendered":"https:\/\/caf-rapport-activite.fr\/caf17-2025\/?p=1653"},"modified":"2025-03-06T16:46:39","modified_gmt":"2025-03-06T15:46:39","slug":"lacces-a-mon-compte-securite-renforcee-avec-la-double-authentification","status":"publish","type":"post","link":"https:\/\/caf-rapport-activite.fr\/caf17-2025\/lacces-a-mon-compte-securite-renforcee-avec-la-double-authentification\/","title":{"rendered":"L&rsquo;acc\u00e8s \u00e0 Mon compte : s\u00e9curit\u00e9 renforc\u00e9e avec la double authentification"},"content":{"rendered":"\n<p>Depuis le10 d\u00e9cembre 2024, nous avons renforc\u00e9 la s\u00e9curit\u00e9 de l\u2019espace Mon Compte de tous nos allocataires pour lutter contre le piratage et le phishing : la connexion se fait d\u00e9sormais en\u00a0<strong>double authentification<\/strong>.<\/p>\n\n\n\n<h3><strong>Qu\u2019est-ce qui change pour les allocataires ?<\/strong><\/h3>\n\n\n\n<p>Dor\u00e9navant ils devront saisir un code \u00e0 6 chiffres envoy\u00e9 par mail en plus de leur mot de passe habituel.\u00a0<\/p>\n\n\n\n<p>Cette \u00e9volution n\u2019est pas nouvelle pour le public : de nombreux sites Internet (ameli.fr, banques, boutique en ligne\u2026) ont d\u00e9j\u00e0 mis en place le processus de double authentification pour v\u00e9rifier la bonne identit\u00e9 de leurs utilisateurs.<\/p>\n\n\n<div class=\"wp-block-image\">\n<figure class=\"aligncenter size-full\"><img decoding=\"async\" loading=\"lazy\" width=\"700\" height=\"539\" src=\"https:\/\/caf-rapport-activite.fr\/caf17-2025\/wp-content\/uploads\/sites\/29\/2025\/03\/BAT_CNAF_Cyber_Annonce_525x404.png\" alt=\"\" class=\"wp-image-1654\" srcset=\"https:\/\/caf-rapport-activite.fr\/caf17-2025\/wp-content\/uploads\/sites\/29\/2025\/03\/BAT_CNAF_Cyber_Annonce_525x404.png 700w, https:\/\/caf-rapport-activite.fr\/caf17-2025\/wp-content\/uploads\/sites\/29\/2025\/03\/BAT_CNAF_Cyber_Annonce_525x404-300x231.png 300w\" sizes=\"(max-width: 700px) 100vw, 700px\" \/><\/figure><\/div>","protected":false},"excerpt":{"rendered":"<p>Depuis le10 d\u00e9cembre 2024, nous avons renforc\u00e9 la s\u00e9curit\u00e9 de l\u2019espace Mon Compte de tous nos allocataires pour lutter contre [&hellip;]<\/p>\n","protected":false},"author":9,"featured_media":1654,"comment_status":"closed","ping_status":"open","sticky":false,"template":"","format":"standard","meta":[],"categories":[1],"tags":[],"yoast_head":"<!-- This site is optimized with the Yoast SEO plugin v19.11 - https:\/\/yoast.com\/wordpress\/plugins\/seo\/ -->\n<title>L&#039;acc\u00e8s \u00e0 Mon compte : s\u00e9curit\u00e9 renforc\u00e9e avec la double authentification - Caf 17 - 2025<\/title>\n<meta name=\"robots\" content=\"index, follow, max-snippet:-1, max-image-preview:large, max-video-preview:-1\" \/>\n<link rel=\"canonical\" href=\"https:\/\/caf-rapport-activite.fr\/caf17-2025\/lacces-a-mon-compte-securite-renforcee-avec-la-double-authentification\/\" \/>\n<meta property=\"og:locale\" content=\"fr_FR\" \/>\n<meta property=\"og:type\" content=\"article\" \/>\n<meta property=\"og:title\" content=\"L&#039;acc\u00e8s \u00e0 Mon compte : s\u00e9curit\u00e9 renforc\u00e9e avec la double authentification - Caf 17 - 2025\" \/>\n<meta property=\"og:description\" content=\"Depuis le10 d\u00e9cembre 2024, nous avons renforc\u00e9 la s\u00e9curit\u00e9 de l\u2019espace Mon Compte de tous nos allocataires pour lutter contre [&hellip;]\" \/>\n<meta property=\"og:url\" content=\"https:\/\/caf-rapport-activite.fr\/caf17-2025\/lacces-a-mon-compte-securite-renforcee-avec-la-double-authentification\/\" \/>\n<meta property=\"og:site_name\" content=\"Caf 17 - 2025\" \/>\n<meta property=\"article:published_time\" content=\"2025-03-06T15:46:38+00:00\" \/>\n<meta property=\"article:modified_time\" content=\"2025-03-06T15:46:39+00:00\" \/>\n<meta property=\"og:image\" content=\"https:\/\/caf-rapport-activite.fr\/caf17-2025\/wp-content\/uploads\/sites\/29\/2025\/03\/BAT_CNAF_Cyber_Annonce_525x404.png\" \/>\n\t<meta property=\"og:image:width\" content=\"700\" \/>\n\t<meta property=\"og:image:height\" content=\"539\" \/>\n\t<meta property=\"og:image:type\" content=\"image\/png\" \/>\n<meta name=\"author\" content=\"delphinemassot\" \/>\n<meta name=\"twitter:card\" content=\"summary_large_image\" \/>\n<meta name=\"twitter:label1\" content=\"\u00c9crit par\" \/>\n\t<meta name=\"twitter:data1\" content=\"delphinemassot\" \/>\n\t<meta name=\"twitter:label2\" content=\"Dur\u00e9e de lecture estim\u00e9e\" \/>\n\t<meta name=\"twitter:data2\" content=\"1 minute\" \/>\n<script type=\"application\/ld+json\" class=\"yoast-schema-graph\">{\"@context\":\"https:\/\/schema.org\",\"@graph\":[{\"@type\":\"WebPage\",\"@id\":\"https:\/\/caf-rapport-activite.fr\/caf17-2025\/lacces-a-mon-compte-securite-renforcee-avec-la-double-authentification\/\",\"url\":\"https:\/\/caf-rapport-activite.fr\/caf17-2025\/lacces-a-mon-compte-securite-renforcee-avec-la-double-authentification\/\",\"name\":\"L'acc\u00e8s \u00e0 Mon compte : s\u00e9curit\u00e9 renforc\u00e9e avec la double authentification - Caf 17 - 2025\",\"isPartOf\":{\"@id\":\"https:\/\/caf-rapport-activite.fr\/caf17-2025\/#website\"},\"datePublished\":\"2025-03-06T15:46:38+00:00\",\"dateModified\":\"2025-03-06T15:46:39+00:00\",\"author\":{\"@id\":\"https:\/\/caf-rapport-activite.fr\/caf17-2025\/#\/schema\/person\/04bff763dcc297f89af97b66c604e0cb\"},\"breadcrumb\":{\"@id\":\"https:\/\/caf-rapport-activite.fr\/caf17-2025\/lacces-a-mon-compte-securite-renforcee-avec-la-double-authentification\/#breadcrumb\"},\"inLanguage\":\"fr-FR\",\"potentialAction\":[{\"@type\":\"ReadAction\",\"target\":[\"https:\/\/caf-rapport-activite.fr\/caf17-2025\/lacces-a-mon-compte-securite-renforcee-avec-la-double-authentification\/\"]}]},{\"@type\":\"BreadcrumbList\",\"@id\":\"https:\/\/caf-rapport-activite.fr\/caf17-2025\/lacces-a-mon-compte-securite-renforcee-avec-la-double-authentification\/#breadcrumb\",\"itemListElement\":[{\"@type\":\"ListItem\",\"position\":1,\"name\":\"Accueil\",\"item\":\"https:\/\/caf-rapport-activite.fr\/caf17-2025\/\"},{\"@type\":\"ListItem\",\"position\":2,\"name\":\"L&rsquo;acc\u00e8s \u00e0 Mon compte : s\u00e9curit\u00e9 renforc\u00e9e avec la double authentification\"}]},{\"@type\":\"WebSite\",\"@id\":\"https:\/\/caf-rapport-activite.fr\/caf17-2025\/#website\",\"url\":\"https:\/\/caf-rapport-activite.fr\/caf17-2025\/\",\"name\":\"Caf 17 - 2025\",\"description\":\"\",\"potentialAction\":[{\"@type\":\"SearchAction\",\"target\":{\"@type\":\"EntryPoint\",\"urlTemplate\":\"https:\/\/caf-rapport-activite.fr\/caf17-2025\/?s={search_term_string}\"},\"query-input\":\"required name=search_term_string\"}],\"inLanguage\":\"fr-FR\"},{\"@type\":\"Person\",\"@id\":\"https:\/\/caf-rapport-activite.fr\/caf17-2025\/#\/schema\/person\/04bff763dcc297f89af97b66c604e0cb\",\"name\":\"delphinemassot\",\"image\":{\"@type\":\"ImageObject\",\"inLanguage\":\"fr-FR\",\"@id\":\"https:\/\/caf-rapport-activite.fr\/caf17-2025\/#\/schema\/person\/image\/\",\"url\":\"https:\/\/secure.gravatar.com\/avatar\/09ec583eaa5b9b449d04272a669c4351?s=96&d=https%3A%2F%2Fcaf-rapport-activite.fr%2Fcaf17-2025%2Fwp-content%2Fthemes%2Fcaf-template%2Fimages%2Fdefault_avatar.png&r=g\",\"contentUrl\":\"https:\/\/secure.gravatar.com\/avatar\/09ec583eaa5b9b449d04272a669c4351?s=96&d=https%3A%2F%2Fcaf-rapport-activite.fr%2Fcaf17-2025%2Fwp-content%2Fthemes%2Fcaf-template%2Fimages%2Fdefault_avatar.png&r=g\",\"caption\":\"delphinemassot\"},\"url\":\"https:\/\/caf-rapport-activite.fr\/caf17-2025\/author\/delphinemassot\/\"}]}<\/script>\n<!-- \/ Yoast SEO plugin. -->","yoast_head_json":{"title":"L'acc\u00e8s \u00e0 Mon compte : s\u00e9curit\u00e9 renforc\u00e9e avec la double authentification - Caf 17 - 2025","robots":{"index":"index","follow":"follow","max-snippet":"max-snippet:-1","max-image-preview":"max-image-preview:large","max-video-preview":"max-video-preview:-1"},"canonical":"https:\/\/caf-rapport-activite.fr\/caf17-2025\/lacces-a-mon-compte-securite-renforcee-avec-la-double-authentification\/","og_locale":"fr_FR","og_type":"article","og_title":"L'acc\u00e8s \u00e0 Mon compte : s\u00e9curit\u00e9 renforc\u00e9e avec la double authentification - Caf 17 - 2025","og_description":"Depuis le10 d\u00e9cembre 2024, nous avons renforc\u00e9 la s\u00e9curit\u00e9 de l\u2019espace Mon Compte de tous nos allocataires pour lutter contre [&hellip;]","og_url":"https:\/\/caf-rapport-activite.fr\/caf17-2025\/lacces-a-mon-compte-securite-renforcee-avec-la-double-authentification\/","og_site_name":"Caf 17 - 2025","article_published_time":"2025-03-06T15:46:38+00:00","article_modified_time":"2025-03-06T15:46:39+00:00","og_image":[{"width":700,"height":539,"url":"https:\/\/caf-rapport-activite.fr\/caf17-2025\/wp-content\/uploads\/sites\/29\/2025\/03\/BAT_CNAF_Cyber_Annonce_525x404.png","type":"image\/png"}],"author":"delphinemassot","twitter_card":"summary_large_image","twitter_misc":{"\u00c9crit par":"delphinemassot","Dur\u00e9e de lecture estim\u00e9e":"1 minute"},"schema":{"@context":"https:\/\/schema.org","@graph":[{"@type":"WebPage","@id":"https:\/\/caf-rapport-activite.fr\/caf17-2025\/lacces-a-mon-compte-securite-renforcee-avec-la-double-authentification\/","url":"https:\/\/caf-rapport-activite.fr\/caf17-2025\/lacces-a-mon-compte-securite-renforcee-avec-la-double-authentification\/","name":"L'acc\u00e8s \u00e0 Mon compte : s\u00e9curit\u00e9 renforc\u00e9e avec la double authentification - Caf 17 - 2025","isPartOf":{"@id":"https:\/\/caf-rapport-activite.fr\/caf17-2025\/#website"},"datePublished":"2025-03-06T15:46:38+00:00","dateModified":"2025-03-06T15:46:39+00:00","author":{"@id":"https:\/\/caf-rapport-activite.fr\/caf17-2025\/#\/schema\/person\/04bff763dcc297f89af97b66c604e0cb"},"breadcrumb":{"@id":"https:\/\/caf-rapport-activite.fr\/caf17-2025\/lacces-a-mon-compte-securite-renforcee-avec-la-double-authentification\/#breadcrumb"},"inLanguage":"fr-FR","potentialAction":[{"@type":"ReadAction","target":["https:\/\/caf-rapport-activite.fr\/caf17-2025\/lacces-a-mon-compte-securite-renforcee-avec-la-double-authentification\/"]}]},{"@type":"BreadcrumbList","@id":"https:\/\/caf-rapport-activite.fr\/caf17-2025\/lacces-a-mon-compte-securite-renforcee-avec-la-double-authentification\/#breadcrumb","itemListElement":[{"@type":"ListItem","position":1,"name":"Accueil","item":"https:\/\/caf-rapport-activite.fr\/caf17-2025\/"},{"@type":"ListItem","position":2,"name":"L&rsquo;acc\u00e8s \u00e0 Mon compte : s\u00e9curit\u00e9 renforc\u00e9e avec la double authentification"}]},{"@type":"WebSite","@id":"https:\/\/caf-rapport-activite.fr\/caf17-2025\/#website","url":"https:\/\/caf-rapport-activite.fr\/caf17-2025\/","name":"Caf 17 - 2025","description":"","potentialAction":[{"@type":"SearchAction","target":{"@type":"EntryPoint","urlTemplate":"https:\/\/caf-rapport-activite.fr\/caf17-2025\/?s={search_term_string}"},"query-input":"required name=search_term_string"}],"inLanguage":"fr-FR"},{"@type":"Person","@id":"https:\/\/caf-rapport-activite.fr\/caf17-2025\/#\/schema\/person\/04bff763dcc297f89af97b66c604e0cb","name":"delphinemassot","image":{"@type":"ImageObject","inLanguage":"fr-FR","@id":"https:\/\/caf-rapport-activite.fr\/caf17-2025\/#\/schema\/person\/image\/","url":"https:\/\/secure.gravatar.com\/avatar\/09ec583eaa5b9b449d04272a669c4351?s=96&d=https%3A%2F%2Fcaf-rapport-activite.fr%2Fcaf17-2025%2Fwp-content%2Fthemes%2Fcaf-template%2Fimages%2Fdefault_avatar.png&r=g","contentUrl":"https:\/\/secure.gravatar.com\/avatar\/09ec583eaa5b9b449d04272a669c4351?s=96&d=https%3A%2F%2Fcaf-rapport-activite.fr%2Fcaf17-2025%2Fwp-content%2Fthemes%2Fcaf-template%2Fimages%2Fdefault_avatar.png&r=g","caption":"delphinemassot"},"url":"https:\/\/caf-rapport-activite.fr\/caf17-2025\/author\/delphinemassot\/"}]}},"_links":{"self":[{"href":"https:\/\/caf-rapport-activite.fr\/caf17-2025\/wp-json\/wp\/v2\/posts\/1653"}],"collection":[{"href":"https:\/\/caf-rapport-activite.fr\/caf17-2025\/wp-json\/wp\/v2\/posts"}],"about":[{"href":"https:\/\/caf-rapport-activite.fr\/caf17-2025\/wp-json\/wp\/v2\/types\/post"}],"author":[{"embeddable":true,"href":"https:\/\/caf-rapport-activite.fr\/caf17-2025\/wp-json\/wp\/v2\/users\/9"}],"replies":[{"embeddable":true,"href":"https:\/\/caf-rapport-activite.fr\/caf17-2025\/wp-json\/wp\/v2\/comments?post=1653"}],"version-history":[{"count":1,"href":"https:\/\/caf-rapport-activite.fr\/caf17-2025\/wp-json\/wp\/v2\/posts\/1653\/revisions"}],"predecessor-version":[{"id":1655,"href":"https:\/\/caf-rapport-activite.fr\/caf17-2025\/wp-json\/wp\/v2\/posts\/1653\/revisions\/1655"}],"wp:featuredmedia":[{"embeddable":true,"href":"https:\/\/caf-rapport-activite.fr\/caf17-2025\/wp-json\/wp\/v2\/media\/1654"}],"wp:attachment":[{"href":"https:\/\/caf-rapport-activite.fr\/caf17-2025\/wp-json\/wp\/v2\/media?parent=1653"}],"wp:term":[{"taxonomy":"category","embeddable":true,"href":"https:\/\/caf-rapport-activite.fr\/caf17-2025\/wp-json\/wp\/v2\/categories?post=1653"},{"taxonomy":"post_tag","embeddable":true,"href":"https:\/\/caf-rapport-activite.fr\/caf17-2025\/wp-json\/wp\/v2\/tags?post=1653"}],"curies":[{"name":"wp","href":"https:\/\/api.w.org\/{rel}","templated":true}]}}